{"id":267,"date":"2023-05-17T15:48:41","date_gmt":"2023-05-17T15:48:41","guid":{"rendered":"https:\/\/mariomartinezoficial.es\/?p=267"},"modified":"2023-05-17T16:22:27","modified_gmt":"2023-05-17T16:22:27","slug":"acaba-la-temporada-2022-23-con-yo-sobrevivi-a-la-egb","status":"publish","type":"post","link":"https:\/\/mariomartinezoficial.es\/index.php\/2023\/05\/17\/acaba-la-temporada-2022-23-con-yo-sobrevivi-a-la-egb\/","title":{"rendered":"Acaba la temporada 2022\/23 con \u00abYo sobreviv\u00ed a la EGB\u00bb en Madrid"},"content":{"rendered":"\n<p class=\"has-white-color has-text-color\">El pasado 12 de mayo termin\u00f3 la temporada en Madrid del show YO SOBREVIV\u00cd A LA EGB con Jordi Merca. Una temporada incre\u00edble en el teatro Bellas Artes de la capital, donde los chicos han disfrutado de Sold Out durant\u00e9 m\u00e1s de trece semanas consecutivas. <\/p>\n\n\n\n<p class=\"has-white-color has-text-color\">Yo Sobreviv\u00ed a la EGB es un show que rememora la d\u00e9cada de los 80 y , en especial, las Situaciones m\u00e1s rocambolescas que viviamos en el cole. Un espect\u00e1culo de Stand-Up que te har\u00e1 volver a ser aquel que fuiste a trav\u00e9s del humor, y en el que no fatar\u00e1n gui\u00f1os a la televisi\u00f3n y a la m\u00fasicia de la \u00e9poca. La gente se acomada mientras escucha en directo m\u00fascia de los 80 y 90, eso te hace entrever que sera una velada muy especi\u00e1l. La participaci\u00f3n e implicaci\u00f3n del p\u00fablico es algo esencial, eso bien lo sabe Jordi Merca, y asi lo lleva a cabo, conTacto directo entre lo que pasa en el escenario y el p\u00fablico, incluso con un examen de primaria en directo.<\/p>\n\n\n\n<p class=\"has-white-color has-text-color\">Lo mejor de todo&#8230; \u00a1\u00a1\u00a1Amenazan con volver muy pronto a Madrid!!!<\/p>\n\n\n\n<figure class=\"wp-block-image size-large\"><img loading=\"lazy\" decoding=\"async\" width=\"1024\" height=\"867\" src=\"https:\/\/mariomartinezoficial.es\/wp-content\/uploads\/2023\/05\/0fd0f51e-d5dc-4692-ae92-f202e67bb7dc-e1684338697254-1024x867.jpg\" alt=\"MARIO MART\u00cdNEZ, JORDI MERCA Y CARLOS CASAS\" class=\"wp-image-271\" srcset=\"https:\/\/mariomartinezoficial.es\/wp-content\/uploads\/2023\/05\/0fd0f51e-d5dc-4692-ae92-f202e67bb7dc-e1684338697254-1024x867.jpg 1024w, https:\/\/mariomartinezoficial.es\/wp-content\/uploads\/2023\/05\/0fd0f51e-d5dc-4692-ae92-f202e67bb7dc-e1684338697254-300x254.jpg 300w, https:\/\/mariomartinezoficial.es\/wp-content\/uploads\/2023\/05\/0fd0f51e-d5dc-4692-ae92-f202e67bb7dc-e1684338697254-768x650.jpg 768w, https:\/\/mariomartinezoficial.es\/wp-content\/uploads\/2023\/05\/0fd0f51e-d5dc-4692-ae92-f202e67bb7dc-e1684338697254.jpg 1536w\" sizes=\"auto, (max-width: 1024px) 100vw, 1024px\" \/><\/figure>\n","protected":false},"excerpt":{"rendered":"<p>El pasado 12 de mayo termin\u00f3 la temporada en Madrid del show YO SOBREVIV\u00cd A LA EGB con Jordi Merca. Una temporada incre\u00edble en el teatro Bellas Artes de la<\/p>\n<p class=\"more-link\"><a href=\"https:\/\/mariomartinezoficial.es\/index.php\/2023\/05\/17\/acaba-la-temporada-2022-23-con-yo-sobrevivi-a-la-egb\/\" class=\"readmore\">Seguir leyendo<span class=\"screen-reader-text\">Acaba la temporada 2022\/23 con \u00abYo sobreviv\u00ed a la EGB\u00bb en Madrid<\/span><\/a><\/p>\n","protected":false},"author":1,"featured_media":290,"comment_status":"open","ping_status":"open","sticky":false,"template":"","format":"standard","meta":{"footnotes":""},"categories":[3],"tags":[],"class_list":["post-267","post","type-post","status-publish","format-standard","has-post-thumbnail","hentry","category-noticias-mario-martinez"],"_links":{"self":[{"href":"https:\/\/mariomartinezoficial.es\/index.php\/wp-json\/wp\/v2\/posts\/267","targetHints":{"allow":["GET"]}}],"collection":[{"href":"https:\/\/mariomartinezoficial.es\/index.php\/wp-json\/wp\/v2\/posts"}],"about":[{"href":"https:\/\/mariomartinezoficial.es\/index.php\/wp-json\/wp\/v2\/types\/post"}],"author":[{"embeddable":true,"href":"https:\/\/mariomartinezoficial.es\/index.php\/wp-json\/wp\/v2\/users\/1"}],"replies":[{"embeddable":true,"href":"https:\/\/mariomartinezoficial.es\/index.php\/wp-json\/wp\/v2\/comments?post=267"}],"version-history":[{"count":6,"href":"https:\/\/mariomartinezoficial.es\/index.php\/wp-json\/wp\/v2\/posts\/267\/revisions"}],"predecessor-version":[{"id":278,"href":"https:\/\/mariomartinezoficial.es\/index.php\/wp-json\/wp\/v2\/posts\/267\/revisions\/278"}],"wp:featuredmedia":[{"embeddable":true,"href":"https:\/\/mariomartinezoficial.es\/index.php\/wp-json\/wp\/v2\/media\/290"}],"wp:attachment":[{"href":"https:\/\/mariomartinezoficial.es\/index.php\/wp-json\/wp\/v2\/media?parent=267"}],"wp:term":[{"taxonomy":"category","embeddable":true,"href":"https:\/\/mariomartinezoficial.es\/index.php\/wp-json\/wp\/v2\/categories?post=267"},{"taxonomy":"post_tag","embeddable":true,"href":"https:\/\/mariomartinezoficial.es\/index.php\/wp-json\/wp\/v2\/tags?post=267"}],"curies":[{"name":"wp","href":"https:\/\/api.w.org\/{rel}","templated":true}]}}