{"id":283,"date":"2022-06-22T16:04:00","date_gmt":"2022-06-22T16:04:00","guid":{"rendered":"https:\/\/mariomartinezoficial.es\/?p=283"},"modified":"2023-05-17T16:17:56","modified_gmt":"2023-05-17T16:17:56","slug":"mario-martinez-publica-mis-ganas-de-comerme-el-mundo","status":"publish","type":"post","link":"https:\/\/mariomartinezoficial.es\/index.php\/2022\/06\/22\/mario-martinez-publica-mis-ganas-de-comerme-el-mundo\/","title":{"rendered":"Mario Mart\u00ednez publica MIS GANAS DE COMERME EL MUNDO"},"content":{"rendered":"\n<p class=\"has-white-color has-text-color\">Mario Mart\u00ednez presenta su nuevo trabajo, Mis ganas de comerme el mundo. Un libro autobiogr\u00e1fico donde el artista aragon\u00e9s celebra sus 20 a\u00f1os en la m\u00fasica.<\/p>\n\n\n\n<figure class=\"wp-block-embed is-type-video is-provider-youtube wp-block-embed-youtube wp-embed-aspect-16-9 wp-has-aspect-ratio\"><div class=\"wp-block-embed__wrapper\">\n<iframe loading=\"lazy\" title=\"Mis ganas de comerme el mundo - Mario Mart\u00ednez - Booktrailer\" width=\"920\" height=\"518\" src=\"https:\/\/www.youtube.com\/embed\/LTyNwQRYH5k?feature=oembed\" frameborder=\"0\" allow=\"accelerometer; autoplay; clipboard-write; encrypted-media; gyroscope; picture-in-picture; web-share\" allowfullscreen><\/iframe>\n<\/div><\/figure>\n","protected":false},"excerpt":{"rendered":"<p>Mario Mart\u00ednez presenta su nuevo trabajo, Mis ganas de comerme el mundo. Un libro autobiogr\u00e1fico donde el artista aragon\u00e9s celebra sus 20 a\u00f1os en la m\u00fasica.<\/p>\n","protected":false},"author":1,"featured_media":288,"comment_status":"open","ping_status":"open","sticky":false,"template":"","format":"standard","meta":{"footnotes":""},"categories":[3],"tags":[],"class_list":["post-283","post","type-post","status-publish","format-standard","has-post-thumbnail","hentry","category-noticias-mario-martinez"],"_links":{"self":[{"href":"https:\/\/mariomartinezoficial.es\/index.php\/wp-json\/wp\/v2\/posts\/283","targetHints":{"allow":["GET"]}}],"collection":[{"href":"https:\/\/mariomartinezoficial.es\/index.php\/wp-json\/wp\/v2\/posts"}],"about":[{"href":"https:\/\/mariomartinezoficial.es\/index.php\/wp-json\/wp\/v2\/types\/post"}],"author":[{"embeddable":true,"href":"https:\/\/mariomartinezoficial.es\/index.php\/wp-json\/wp\/v2\/users\/1"}],"replies":[{"embeddable":true,"href":"https:\/\/mariomartinezoficial.es\/index.php\/wp-json\/wp\/v2\/comments?post=283"}],"version-history":[{"count":1,"href":"https:\/\/mariomartinezoficial.es\/index.php\/wp-json\/wp\/v2\/posts\/283\/revisions"}],"predecessor-version":[{"id":284,"href":"https:\/\/mariomartinezoficial.es\/index.php\/wp-json\/wp\/v2\/posts\/283\/revisions\/284"}],"wp:featuredmedia":[{"embeddable":true,"href":"https:\/\/mariomartinezoficial.es\/index.php\/wp-json\/wp\/v2\/media\/288"}],"wp:attachment":[{"href":"https:\/\/mariomartinezoficial.es\/index.php\/wp-json\/wp\/v2\/media?parent=283"}],"wp:term":[{"taxonomy":"category","embeddable":true,"href":"https:\/\/mariomartinezoficial.es\/index.php\/wp-json\/wp\/v2\/categories?post=283"},{"taxonomy":"post_tag","embeddable":true,"href":"https:\/\/mariomartinezoficial.es\/index.php\/wp-json\/wp\/v2\/tags?post=283"}],"curies":[{"name":"wp","href":"https:\/\/api.w.org\/{rel}","templated":true}]}}