{"id":285,"date":"2016-02-16T16:08:00","date_gmt":"2016-02-16T16:08:00","guid":{"rendered":"https:\/\/mariomartinezoficial.es\/?p=285"},"modified":"2023-05-17T16:11:44","modified_gmt":"2023-05-17T16:11:44","slug":"mario-martinez-compone-graba-y-produce-la-cabezara-de-jose-mota-presenta-2o-temporada","status":"publish","type":"post","link":"https:\/\/mariomartinezoficial.es\/index.php\/2016\/02\/16\/mario-martinez-compone-graba-y-produce-la-cabezara-de-jose-mota-presenta-2o-temporada\/","title":{"rendered":"Mario Mart\u00ednez compone, graba y produce la cabezara de Jos\u00e9 Mota Presenta 2\u00ba temporada"},"content":{"rendered":"\n<p class=\"has-white-color has-text-color\">A principios de 2016 se presenta la 2\u00ba temporada de Jos\u00e9 Mota Presenta en TVE. Un conocido programa de comedia. La cabecera de est\u00e1 compuesta e interpretada \u00edntegramente por Mario Mart\u00ednez.<\/p>\n\n\n\n<figure class=\"wp-block-embed is-type-video is-provider-youtube wp-block-embed-youtube wp-embed-aspect-16-9 wp-has-aspect-ratio\"><div class=\"wp-block-embed__wrapper\">\n<iframe loading=\"lazy\" title=\"Jos\u00e9 Mota Presenta \/\/ Cabecera 2\u00aa Temporada\" width=\"920\" height=\"518\" src=\"https:\/\/www.youtube.com\/embed\/YrGwztBOHPY?feature=oembed\" frameborder=\"0\" allow=\"accelerometer; autoplay; clipboard-write; encrypted-media; gyroscope; picture-in-picture; web-share\" allowfullscreen><\/iframe>\n<\/div><\/figure>\n","protected":false},"excerpt":{"rendered":"<p>A principios de 2016 se presenta la 2\u00ba temporada de Jos\u00e9 Mota Presenta en TVE. Un conocido programa de comedia. La cabecera de est\u00e1 compuesta e interpretada \u00edntegramente por Mario<\/p>\n<p class=\"more-link\"><a href=\"https:\/\/mariomartinezoficial.es\/index.php\/2016\/02\/16\/mario-martinez-compone-graba-y-produce-la-cabezara-de-jose-mota-presenta-2o-temporada\/\" class=\"readmore\">Seguir leyendo<span class=\"screen-reader-text\">Mario Mart\u00ednez compone, graba y produce la cabezara de Jos\u00e9 Mota Presenta 2\u00ba temporada<\/span><\/a><\/p>\n","protected":false},"author":1,"featured_media":286,"comment_status":"open","ping_status":"open","sticky":false,"template":"","format":"standard","meta":{"footnotes":""},"categories":[3],"tags":[],"class_list":["post-285","post","type-post","status-publish","format-standard","has-post-thumbnail","hentry","category-noticias-mario-martinez"],"_links":{"self":[{"href":"https:\/\/mariomartinezoficial.es\/index.php\/wp-json\/wp\/v2\/posts\/285","targetHints":{"allow":["GET"]}}],"collection":[{"href":"https:\/\/mariomartinezoficial.es\/index.php\/wp-json\/wp\/v2\/posts"}],"about":[{"href":"https:\/\/mariomartinezoficial.es\/index.php\/wp-json\/wp\/v2\/types\/post"}],"author":[{"embeddable":true,"href":"https:\/\/mariomartinezoficial.es\/index.php\/wp-json\/wp\/v2\/users\/1"}],"replies":[{"embeddable":true,"href":"https:\/\/mariomartinezoficial.es\/index.php\/wp-json\/wp\/v2\/comments?post=285"}],"version-history":[{"count":1,"href":"https:\/\/mariomartinezoficial.es\/index.php\/wp-json\/wp\/v2\/posts\/285\/revisions"}],"predecessor-version":[{"id":287,"href":"https:\/\/mariomartinezoficial.es\/index.php\/wp-json\/wp\/v2\/posts\/285\/revisions\/287"}],"wp:featuredmedia":[{"embeddable":true,"href":"https:\/\/mariomartinezoficial.es\/index.php\/wp-json\/wp\/v2\/media\/286"}],"wp:attachment":[{"href":"https:\/\/mariomartinezoficial.es\/index.php\/wp-json\/wp\/v2\/media?parent=285"}],"wp:term":[{"taxonomy":"category","embeddable":true,"href":"https:\/\/mariomartinezoficial.es\/index.php\/wp-json\/wp\/v2\/categories?post=285"},{"taxonomy":"post_tag","embeddable":true,"href":"https:\/\/mariomartinezoficial.es\/index.php\/wp-json\/wp\/v2\/tags?post=285"}],"curies":[{"name":"wp","href":"https:\/\/api.w.org\/{rel}","templated":true}]}}